[{"@context":"https:\/\/schema.org\/","@type":"Article","@id":"https:\/\/www.stuare.cz\/vase-jarni-prazdniny-2014\/#Article","mainEntityOfPage":"https:\/\/www.stuare.cz\/vase-jarni-prazdniny-2014\/","headline":"Va\u0161e jarn\u00ed pr\u00e1zdniny 2014","name":"Va\u0161e jarn\u00ed pr\u00e1zdniny 2014","description":"Ka\u017ed\u00fd rok z\u016fst\u00e1v\u00e1te o jarn\u00edch pr\u00e1zdnin\u00e1ch doma, nebo vyraz\u00edte jen n\u011bkam na den \u010di dva s p\u0159\u00e1teli? Cht\u011bli byste ale [&hellip;]","datePublished":"2024-10-16","dateModified":"2024-10-16","author":{"@type":"Person","@id":"https:\/\/www.stuare.cz\/author\/#Person","name":"","url":"https:\/\/www.stuare.cz\/author\/","identifier":1,"image":{"@type":"ImageObject","@id":"https:\/\/secure.gravatar.com\/avatar\/69d60390520d119f85d8cec6b8d4a182083b2d589719395da6bae47bff4b5efa?s=96&d=mm&r=g","url":"https:\/\/secure.gravatar.com\/avatar\/69d60390520d119f85d8cec6b8d4a182083b2d589719395da6bae47bff4b5efa?s=96&d=mm&r=g","height":96,"width":96}},"publisher":{"@type":"Organization","name":"stuare.cz","logo":{"@type":"ImageObject","@id":"\/logo.png","url":"\/logo.png","width":600,"height":60}},"url":"https:\/\/www.stuare.cz\/vase-jarni-prazdniny-2014\/","wordCount":288,"articleBody":"Ka\u017ed\u00fd rok z\u016fst\u00e1v\u00e1te o jarn\u00edch pr\u00e1zdnin\u00e1ch doma, nebo vyraz\u00edte jen n\u011bkam na den \u010di dva s p\u0159\u00e1teli? Cht\u011bli byste ale pro tentokr\u00e1t n\u011bco v\u00edc? P\u0159\u00e1li byste si sv\u00e9 jarn\u00ed pr\u00e1zdniny 2014 str\u00e1vit s rodinou \u010di s p\u0159\u00e1teli n\u011bkde mimo domov, kde bude z\u00e1bava a mnoho cest vy\u017eit\u00ed? Cht\u011bli byste si ale tak\u00e9 odpo\u010dinout a na\u010derpat s\u00edly na dal\u0161\u00ed \u0161koln\u00ed t\u00fddny? Potom pro V\u00e1s m\u00e1me nab\u00eddku, kter\u00e1 by V\u00e1s mohla zaujmout. Vyrazte si na hory, kde se do\u010dk\u00e1te skv\u011bl\u00e9 z\u00e1bavy, p\u0159\u00edjemn\u00e9ho prost\u0159ed\u00ed a p\u0159edev\u0161\u00edm dlouh\u00fdch upraven\u00fdch sjezdovek, na kter\u00fdch si najde to sv\u00e9 jak ly\u017ea\u0159, tak snowboardista. U\u017eijte si sv\u00e9 jarn\u00ed pr\u00e1zdniny 2014 na tom prav\u00e9m m\u00edst\u011b, kde V\u00e1s \u010dekaj\u00ed cel\u00e9 hodiny a dny z\u00e1bavy!Pot\u0159ebovali byste n\u011bjak\u00e9 tipy na jarn\u00ed pr\u00e1zdniny 2014? P\u0159em\u00fd\u0161leli jste s rodi\u010di, \u017ee byste let\u011bli n\u011bkam do zahrani\u010d\u00ed, kdy\u017e je ten t\u00fdden volna? Zal\u00edbilo se V\u00e1m to, ale nakonec z toho muselo sej\u00edt, proto\u017ee byl z\u00e1jezd zru\u0161en? Nesmutn\u011bte z toho a p\u0159ije\u010fte k n\u00e1m! Nab\u00edz\u00edme V\u00e1m zaj\u00edmav\u00e9 adrenalinov\u00e9 z\u00e1\u017eitky ze sjezdovek a z\u00e1bavn\u00edch center, ve kter\u00fdch se m\u016f\u017eete po dobu pobytu zdr\u017eovat a u\u017e\u00edvat si. V hotelu si d\u00e1te po ly\u017eova\u010dce dobr\u00e9 j\u00eddlo a ve\u010der si m\u016f\u017eete u\u017e\u00edt po sv\u00e9m. Odpo\u010di\u0148te si u n\u00e1s aktivn\u011b!                                                                                                                                                                                                                                                                                                                                                                                        4.3\/5 - (6 votes)        "},{"@context":"https:\/\/schema.org\/","@type":"BreadcrumbList","itemListElement":[{"@type":"ListItem","position":1,"name":"Va\u0161e jarn\u00ed pr\u00e1zdniny 2014","item":"https:\/\/www.stuare.cz\/vase-jarni-prazdniny-2014\/#breadcrumbitem"}]}]