[{"@context":"https:\/\/schema.org\/","@type":"Article","@id":"https:\/\/www.stuare.cz\/prakticke-zabradli\/#Article","mainEntityOfPage":"https:\/\/www.stuare.cz\/prakticke-zabradli\/","headline":"Praktick\u00e9 z\u00e1bradl\u00ed","name":"Praktick\u00e9 z\u00e1bradl\u00ed","description":"Tak\u00e9 st\u00e1le v\u00e1h\u00e1te, jestli si d\u00e1te n\u011bjak\u00e9 z\u00e1bradl\u00ed na balkon? Pokud ano, tak bych v\u00e1m cht\u011bla \u0159\u00edct, a\u0165 nev\u00e1h\u00e1te. Z\u00e1bradl\u00ed [&hellip;]","datePublished":"2024-04-15","dateModified":"2024-05-20","author":{"@type":"Person","@id":"https:\/\/www.stuare.cz\/author\/#Person","name":"","url":"https:\/\/www.stuare.cz\/author\/","identifier":1,"image":{"@type":"ImageObject","@id":"https:\/\/secure.gravatar.com\/avatar\/69d60390520d119f85d8cec6b8d4a182083b2d589719395da6bae47bff4b5efa?s=96&d=mm&r=g","url":"https:\/\/secure.gravatar.com\/avatar\/69d60390520d119f85d8cec6b8d4a182083b2d589719395da6bae47bff4b5efa?s=96&d=mm&r=g","height":96,"width":96}},"publisher":{"@type":"Organization","name":"stuare.cz","logo":{"@type":"ImageObject","@id":"\/logo.png","url":"\/logo.png","width":600,"height":60}},"image":{"@type":"ImageObject","@id":"https:\/\/www.stuare.cz\/wp-content\/uploads\/palma-de-mallorca-2900559_960_720.jpg","url":"https:\/\/www.stuare.cz\/wp-content\/uploads\/palma-de-mallorca-2900559_960_720.jpg","height":0,"width":0},"url":"https:\/\/www.stuare.cz\/prakticke-zabradli\/","about":["Business"],"wordCount":415,"articleBody":"   Tak\u00e9 st\u00e1le v\u00e1h\u00e1te, jestli si d\u00e1te n\u011bjak\u00e9 z\u00e1bradl\u00ed na balkon? Pokud ano, tak bych v\u00e1m cht\u011bla \u0159\u00edct, a\u0165 nev\u00e1h\u00e1te. Z\u00e1bradl\u00ed na balkon https:\/\/www.kmkdesign.cz\/zabradli-balkonova-terasova se v\u00e1m vyplat\u00ed. Ani si nechci p\u0159edstavovat, t\u0159eba kdyby moje star\u00e1 babi\u010dka \u0161la u n\u00e1s na balkon nebo kdyby tam \u0161lo moje d\u00edt\u011b anebo t\u0159eba klidn\u011b i zv\u00ed\u0159e. Samoz\u0159ejm\u011b, \u017ee v\u017edycky je nejhor\u0161\u00ed, kdy\u017e se stane n\u011bco n\u011bjak\u00e9mu \u010dlenu rodiny anebo potom tak\u00e9 n\u00e1v\u0161t\u011bv\u011b. Kolikr\u00e1t jsem u\u017e za\u017eila, kdy n\u011bkdo opil\u00fd spadl ze schod\u016f. A co kdyby t\u0159eba n\u011bkdo spadl z balkonu ze druh\u00e9ho nebo ze t\u0159et\u00edho patra?To by potom bylo opravdu hodn\u011b smutn\u00e9, ani bych necht\u011bla zn\u00e1t n\u00e1sledky, proto se zkuste pod\u00edvat na webov\u00e9 str\u00e1nky kmdesign.cz. Je tam nap\u0159\u00edklad opravdu kr\u00e1sn\u00e9 balkonov\u00e9 z\u00e1bradl\u00ed anebo tak\u00e9 kvalitn\u00ed terasov\u00e9 z\u00e1bradl\u00ed. Z\u00e1bradl\u00ed na balkon m\u016f\u017ee zabr\u00e1nit opravdu hodn\u011b p\u00e1d\u016fm. Mysl\u00edm si, \u017ee hodn\u011b lid\u00ed mi d\u00e1 za pravdu, \u017ee ten, kdo nem\u00e1 z\u00e1bradl\u00ed na balkon, tak tak\u00e9 riskuje. Samoz\u0159ejm\u011b, \u017ee jsou lid\u00e9, kte\u0159\u00ed t\u0159eba bydl\u00ed sami a t\u0159eba ho ani nepot\u0159ebuj\u00ed anebo ani nemaj\u00ed pot\u0159ebu si d\u00e1vat n\u011bjak\u00e9 z\u00e1bradl\u00ed na balkon. Nebo logicky kdo nem\u00e1 balkon, tak tak\u00e9 nebude d\u00e1vat z\u00e1bradl\u00ed na balkon. Tak\u00e9 si m\u016f\u017eete vybrat, z jak\u00e9ho materi\u00e1lu z\u00e1bradl\u00ed na balkon chcete. J\u00e1 si mysl\u00edm, \u017ee je v\u017edycky nejkr\u00e1sn\u011bj\u0161\u00ed, kdy\u017e je takov\u00e9 to kovov\u00e9, takov\u00e9 modern\u00ed. M\u016f\u017eete si to tak\u00e9 nechat ud\u011blat od n\u011bjak\u00e9ho kov\u00e1\u0159e, kter\u00fd v\u00e1m ud\u011bl\u00e1 opravdu individu\u00e1ln\u00ed a jedine\u010dn\u00e9 z\u00e1bradl\u00ed na balkon. Tohle jsem \u0159ekla tak\u00e9 sv\u00e9mu partnerovi. N\u00e1m i d\u011btem se pr\u00e1v\u011b l\u00edb\u00ed takov\u00e9 kr\u00e1sn\u00e9 kovov\u00e9, n\u011bjak\u00e9 designov\u00e9, p\u0159esn\u011b takov\u00e9, jak jsem \u0159ekla. Partner chv\u00edli nad t\u00edm uva\u017eoval a \u0159ekl, \u017ee zn\u00e1 jednoho um\u011bleck\u00e9ho kov\u00e1\u0159e a \u017ee by to mohl za\u0159\u00eddit, tak\u017ee jsem opravdu \u0161\u0165astn\u00e1 a d\u011bti tak\u00e9. Doporu\u010duji se je\u0161t\u011b jednou pod\u00edvat na webov\u00e9 str\u00e1nky, kde se dozv\u00edte v\u0161echny informace. Nap\u0159\u00edklad j\u00e1 osobn\u011b bych si nedok\u00e1zala p\u0159edstavit, kdybychom m\u011bli otev\u0159en\u00fd voln\u00fd balkon.                                                                                                                                                                                                                                                                                                                                                                                           4.3\/5 - (11 votes)        "},{"@context":"https:\/\/schema.org\/","@type":"BreadcrumbList","itemListElement":[{"@type":"ListItem","position":1,"name":"Praktick\u00e9 z\u00e1bradl\u00ed","item":"https:\/\/www.stuare.cz\/prakticke-zabradli\/#breadcrumbitem"}]}]